{"id":2172,"date":"2026-02-16T17:22:35","date_gmt":"2026-02-16T15:22:35","guid":{"rendered":"https:\/\/e-sensia.com\/?p=2172"},"modified":"2026-02-16T17:43:05","modified_gmt":"2026-02-16T15:43:05","slug":"fr-e-sensia-pionniers-ia-france-2030","status":"publish","type":"post","link":"https:\/\/e-sensia.com\/fr\/2026\/02\/16\/fr-e-sensia-pionniers-ia-france-2030\/","title":{"rendered":"e-sensia s\u00e9lectionn\u00e9 pour l'appel \u00e0 projets \u201cPionniers de l'intelligence artificielle\u201d du plan France 2030"},"content":{"rendered":"<style>.elementor-2172 .elementor-element.elementor-element-5418538d{--display:flex;}.elementor-2172 .elementor-element.elementor-element-85846ae .elementor-button:hover, .elementor-2172 .elementor-element.elementor-element-85846ae .elementor-button:focus{color:var( --e-global-color-primary );}.elementor-2172 .elementor-element.elementor-element-85846ae .elementor-button:hover svg, .elementor-2172 .elementor-element.elementor-element-85846ae .elementor-button:focus svg{fill:var( --e-global-color-primary );}<\/style>\t\t<div data-elementor-type=\"wp-post\" data-elementor-id=\"2172\" class=\"elementor elementor-2172\" data-elementor-post-type=\"post\">\n\t\t\t\t<div class=\"elementor-element elementor-element-5418538d e-flex e-con-boxed e-con e-parent\" data-id=\"5418538d\" data-element_type=\"container\" data-e-type=\"container\">\n\t\t\t\t\t<div class=\"e-con-inner\">\n\t\t\t\t<div class=\"elementor-element elementor-element-3f89dd3e elementor-widget elementor-widget-text-editor\" data-id=\"3f89dd3e\" data-element_type=\"widget\" data-e-type=\"widget\" data-widget_type=\"text-editor.default\">\n\t\t\t\t<div class=\"elementor-widget-container\">\n\t\t\t\t\t\t\t\t\t<p data-start=\"121\" data-end=\"149\"><strong data-start=\"121\" data-end=\"149\">Paris, le 16 f\u00e9vrier 2026<\/strong><\/p>\r\n<p data-start=\"151\" data-end=\"434\">e-sensia, soci\u00e9t\u00e9 fran\u00e7aise sp\u00e9cialis\u00e9e dans l'intelligence artificielle appliqu\u00e9e \u00e0 la sant\u00e9, a \u00e9t\u00e9 s\u00e9lectionn\u00e9e dans le cadre de l'appel \u00e0 projets \u201cPionniers de l'intelligence artificielle\u201d, op\u00e9r\u00e9 par Bpifrance pour le compte du gouvernement fran\u00e7ais, dans le cadre du plan France 2030.<\/p>\r\n<p data-start=\"436\" data-end=\"909\">Pour sa premi\u00e8re \u00e9dition, l'initiative \u201cPionniers de l'IA\u201d vise \u00e0 soutenir des projets de recherche et d\u00e9veloppement \u00e0 fort potentiel technologique disruptif, capables de g\u00e9n\u00e9rer un impact durable sur l'\u00e9conomie et de contribuer \u00e0 la souverainet\u00e9 nationale en mati\u00e8re d'intelligence artificielle. Le programme repose sur un mod\u00e8le de financement innovant structur\u00e9 en plusieurs phases successives, permettant de soutenir les projets depuis la faisabilit\u00e9 technologique jusqu'au d\u00e9ploiement \u00e0 l'\u00e9chelle industrielle.<\/p>\r\n<p data-start=\"911\" data-end=\"1132\">La s\u00e9lection d'e-sensia s'inscrit dans ce cadre exigeant, qui vise principalement des projets positionn\u00e9s dans des secteurs strat\u00e9giques, dont la sant\u00e9, et bas\u00e9s sur des technologies d'IA innovantes appliqu\u00e9es \u00e0 des cas d'usage concrets.<\/p>\r\n<p data-start=\"1134\" data-end=\"1576\">\u201c L'initiative Pionniers de l'IA va nous permettre d'acc\u00e9l\u00e9rer nos travaux de recherche et d\u00e9veloppement autour de l'intelligence vocale, tout en restant fid\u00e8le \u00e0 notre ADN : une technologie co-d\u00e9velopp\u00e9e avec des professionnels de terrain et con\u00e7ue pour s'int\u00e9grer de mani\u00e8re transparente dans le quotidien des \u00e9quipes de r\u00e9gulation m\u00e9dicale. L'objectif est clair : d\u00e9velopper une solution souveraine, robuste et \u00e9volutive au service de la sant\u00e9 \u201d, explique C\u00e9dric Thoma, co-fondateur et COO d'e-sensia.<\/p>\r\n\r\n<h2 data-start=\"1578\" data-end=\"1641\"><span style=\"color: #000000;\">La technologie de l'intelligence vocale au service de la r\u00e9glementation m\u00e9dicale<\/span><\/h2>\r\n<p data-start=\"1643\" data-end=\"1981\">e-sensia d\u00e9veloppe une solution d'intelligence vocale con\u00e7ue pour aider les professionnels de la sant\u00e9 \u00e0 d\u00e9tecter et \u00e0 orienter les situations d'urgence en analysant les signaux vocaux en temps r\u00e9el lors des appels m\u00e9dicaux. Cette approche permet d'identifier plus rapidement les signes d'alerte critiques tout en laissant la d\u00e9cision finale aux professionnels de la sant\u00e9.<\/p>\r\n<p data-start=\"1983\" data-end=\"2215\">Con\u00e7ue par des m\u00e9decins et co-d\u00e9velopp\u00e9e avec des acteurs de terrain, la technologie d'e-sensia agit comme un filet de s\u00e9curit\u00e9 pour la prise de d\u00e9cision humaine en am\u00e9liorant l'\u00e9coute m\u00e9dicale dans un contexte de pression croissante sur les services de r\u00e9gulation m\u00e9dicale.<\/p>\r\n<p data-start=\"2217\" data-end=\"2541\">D\u00e9j\u00e0 d\u00e9ploy\u00e9e \u00e0 grande \u00e9chelle, notamment avec SOS M\u00e9decins Grand Paris, o\u00f9 plus d'un million d'appels sont r\u00e9gul\u00e9s chaque ann\u00e9e gr\u00e2ce \u00e0 la solution, et bient\u00f4t dans plusieurs SAMU, e-sensia d\u00e9montre le potentiel de l'intelligence artificielle appliqu\u00e9e \u00e0 la sant\u00e9 publique.<\/p>\r\n\r\n<h2 data-start=\"2543\" data-end=\"2596\"><span style=\"color: #000000;\">Un projet en phase avec l'initiative France 2030<\/span><\/h2>\r\n<p data-start=\"2598\" data-end=\"2894\">En rejoignant le programme \u201c Pionniers de l'IA \u201d, e-sensia entend poursuivre ses travaux de recherche et d\u00e9veloppement dans le domaine de l'analyse vocale, avec pour objectif de renforcer les performances de sa technologie, d'explorer de nouveaux cas d'usage et de contribuer \u00e0 l'\u00e9mergence de solutions souveraines d'IA appliqu\u00e9es \u00e0 la sant\u00e9.<\/p>\r\n<p data-start=\"2896\" data-end=\"3118\">Ce projet s'inscrit pleinement dans l'ambition du plan France 2030, qui vise \u00e0 soutenir l'innovation de rupture, \u00e0 structurer les fili\u00e8res strat\u00e9giques et \u00e0 soutenir l'industrialisation des technologies \u00e0 fort impact soci\u00e9tal.<\/p>\r\n<p data-start=\"3120\" data-end=\"3343\">\u201cCe financement nous permet d'acc\u00e9l\u00e9rer la recherche et le d\u00e9veloppement sur les mod\u00e8les vocaux m\u00e9dicaux, un domaine encore peu explor\u00e9 mais essentiel pour la s\u00e9curit\u00e9 des patients\u201d, explique C\u00e9dric Thoma, cofondateur et directeur de l'exploitation d'e-sensia.<\/p>\r\n<p data-start=\"3345\" data-end=\"3556\">\u201cNotre ambition est de renforcer la m\u00e9decine d'urgence fran\u00e7aise gr\u00e2ce \u00e0 une technologie con\u00e7ue et valid\u00e9e avec les m\u00e9decins, pour les m\u00e9decins\u201d, ajoute le Dr Jean-Baptiste Perney, m\u00e9decin urgentiste et co-fondateur d'e-sensia.<\/p>\r\n\r\n<h2 data-start=\"3558\" data-end=\"3576\"><span style=\"color: #000000;\">\u00c0 propos d'e-sensia<\/span><\/h2>\r\n<p data-start=\"3578\" data-end=\"3943\">e-sensia d\u00e9veloppe une technologie vocale d'intelligence artificielle destin\u00e9e aux professionnels des soins de sant\u00e9 d'urgence. Sa mission est de sauver des vies en identifiant plus t\u00f4t les situations potentiellement mortelles gr\u00e2ce \u00e0 l'analyse des signaux vocaux. Soutenue par plusieurs institutions publiques et organisations hospitali\u00e8res, e-sensia \u00e9tend actuellement son d\u00e9ploiement en France et \u00e0 l'international.<\/p>\r\n<p data-start=\"3945\" data-end=\"4018\"><strong data-start=\"3945\" data-end=\"3963\">Contact presse :<\/strong><br data-start=\"3963\" data-end=\"3966\" \/>C\u00e9dric Thoma<br data-start=\"3978\" data-end=\"3981\" \/><a class=\"decorated-link cursor-pointer\" href=\"mailto:contact@e-sensia.com\" rel=\"noopener\" data-start=\"3981\" data-end=\"4001\">contact@e-sensia.com<\/a><br data-start=\"4001\" data-end=\"4004\" \/><a href=\"http:\/\/e-sensia.com\/fr\/\" target=\"_blank\" rel=\"noopener\"><span style=\"font-weight: 400;\">e-sensia.com<\/span><\/a><\/p>\t\t\t\t\t\t\t\t<\/div>\n\t\t\t\t<\/div>\n\t\t\t\t<div class=\"elementor-element elementor-element-85846ae elementor-align-center elementor-widget elementor-widget-button\" data-id=\"85846ae\" data-element_type=\"widget\" data-e-type=\"widget\" data-widget_type=\"button.default\">\n\t\t\t\t<div class=\"elementor-widget-container\">\n\t\t\t\t\t\t\t\t\t<div class=\"elementor-button-wrapper\">\n\t\t\t\t\t<a class=\"elementor-button elementor-button-link elementor-size-sm\" href=\"https:\/\/e-sensia.com\/wp-content\/uploads\/2026\/02\/CP-_-e-sensia-selectionnee-dans-le-cadre-de-lappel-a-projets-Pionniers-de-lintelligence-artificielle-du-plan-France-2030-1.pdf\" target=\"_blank\">\n\t\t\t\t\t\t<span class=\"elementor-button-content-wrapper\">\n\t\t\t\t\t\t\t\t\t<span class=\"elementor-button-text\">T\u00e9l\u00e9charger le communiqu\u00e9 de presse <\/span>\n\t\t\t\t\t<\/span>\n\t\t\t\t\t<\/a>\n\t\t\t\t<\/div>\n\t\t\t\t\t\t\t\t<\/div>\n\t\t\t\t<\/div>\n\t\t\t\t\t<\/div>\n\t\t\t\t<\/div>\n\t\t\t\t<\/div>","protected":false},"excerpt":{"rendered":"<p>Paris, February 16, 2026 e-sensia, a French company specializing in artificial intelligence applied to healthcare, has been selected as part of the \u201cPioneers of Artificial Intelligence\u201d call for projects, operated by Bpifrance on behalf of the French government, within the framework of the France 2030 plan. For its first edition, the \u201cPioneers of AI\u201d initiative [&hellip;]<\/p>\n","protected":false},"author":1,"featured_media":2173,"comment_status":"closed","ping_status":"closed","sticky":false,"template":"","format":"standard","meta":{"_acf_changed":false,"footnotes":""},"categories":[7],"tags":[],"class_list":["post-2172","post","type-post","status-publish","format-standard","has-post-thumbnail","hentry","category-press-review"],"acf":[],"yoast_head":"<!-- This site is optimized with the Yoast SEO plugin v27.4 - https:\/\/yoast.com\/product\/yoast-seo-wordpress\/ -->\n<title>e-sensia selected for the \u201cPioneers of Artificial Intelligence\u201d call for projects under the France 2030 plan - e-sensia<\/title>\n<meta name=\"description\" content=\"e-sensia selected by Bpifrance for the France 2030 AI Pioneers program to develop sovereign voice AI for emergency medical regulation.\" \/>\n<meta name=\"robots\" content=\"index, follow, max-snippet:-1, max-image-preview:large, max-video-preview:-1\" \/>\n<link rel=\"canonical\" href=\"https:\/\/e-sensia.com\/fr\/2026\/02\/16\/fr-e-sensia-pionniers-ia-france-2030\/\" \/>\n<meta property=\"og:locale\" content=\"fr_FR\" \/>\n<meta property=\"og:type\" content=\"article\" \/>\n<meta property=\"og:title\" content=\"e-sensia selected for the \u201cPioneers of Artificial Intelligence\u201d call for projects under the France 2030 plan - e-sensia\" \/>\n<meta property=\"og:description\" content=\"e-sensia selected by Bpifrance for the France 2030 AI Pioneers program to develop sovereign voice AI for emergency medical regulation.\" \/>\n<meta property=\"og:url\" content=\"https:\/\/e-sensia.com\/fr\/2026\/02\/16\/fr-e-sensia-pionniers-ia-france-2030\/\" \/>\n<meta property=\"og:site_name\" content=\"e-sensia\" \/>\n<meta property=\"article:published_time\" content=\"2026-02-16T15:22:35+00:00\" \/>\n<meta property=\"article:modified_time\" content=\"2026-02-16T15:43:05+00:00\" \/>\n<meta property=\"og:image\" content=\"https:\/\/e-sensia.com\/wp-content\/uploads\/2026\/02\/News-e-sensia-2.jpg\" \/>\n\t<meta property=\"og:image:width\" content=\"1920\" \/>\n\t<meta property=\"og:image:height\" content=\"1080\" \/>\n\t<meta property=\"og:image:type\" content=\"image\/jpeg\" \/>\n<meta name=\"author\" content=\"dev\" \/>\n<meta name=\"twitter:card\" content=\"summary_large_image\" \/>\n<meta name=\"twitter:label1\" content=\"\u00c9crit par\" \/>\n\t<meta name=\"twitter:data1\" content=\"dev\" \/>\n\t<meta name=\"twitter:label2\" content=\"Dur\u00e9e de lecture estim\u00e9e\" \/>\n\t<meta name=\"twitter:data2\" content=\"3 minutes\" \/>\n<script type=\"application\/ld+json\" class=\"yoast-schema-graph\">{\"@context\":\"https:\\\/\\\/schema.org\",\"@graph\":[{\"@type\":\"Article\",\"@id\":\"https:\\\/\\\/e-sensia.com\\\/2026\\\/02\\\/16\\\/fr-e-sensia-pionniers-ia-france-2030\\\/#article\",\"isPartOf\":{\"@id\":\"https:\\\/\\\/e-sensia.com\\\/2026\\\/02\\\/16\\\/fr-e-sensia-pionniers-ia-france-2030\\\/\"},\"author\":{\"name\":\"dev\",\"@id\":\"https:\\\/\\\/e-sensia.com\\\/#\\\/schema\\\/person\\\/3a763bebd60f37326b4914efe8d29aff\"},\"headline\":\"e-sensia selected for the \u201cPioneers of Artificial Intelligence\u201d call for projects under the France 2030 plan\",\"datePublished\":\"2026-02-16T15:22:35+00:00\",\"dateModified\":\"2026-02-16T15:43:05+00:00\",\"mainEntityOfPage\":{\"@id\":\"https:\\\/\\\/e-sensia.com\\\/2026\\\/02\\\/16\\\/fr-e-sensia-pionniers-ia-france-2030\\\/\"},\"wordCount\":558,\"publisher\":{\"@id\":\"https:\\\/\\\/e-sensia.com\\\/#organization\"},\"image\":{\"@id\":\"https:\\\/\\\/e-sensia.com\\\/2026\\\/02\\\/16\\\/fr-e-sensia-pionniers-ia-france-2030\\\/#primaryimage\"},\"thumbnailUrl\":\"https:\\\/\\\/e-sensia.com\\\/wp-content\\\/uploads\\\/2026\\\/02\\\/News-e-sensia-2.jpg\",\"articleSection\":[\"Press review\"],\"inLanguage\":\"fr-FR\"},{\"@type\":\"WebPage\",\"@id\":\"https:\\\/\\\/e-sensia.com\\\/2026\\\/02\\\/16\\\/fr-e-sensia-pionniers-ia-france-2030\\\/\",\"url\":\"https:\\\/\\\/e-sensia.com\\\/2026\\\/02\\\/16\\\/fr-e-sensia-pionniers-ia-france-2030\\\/\",\"name\":\"e-sensia selected for the \u201cPioneers of Artificial Intelligence\u201d call for projects under the France 2030 plan - e-sensia\",\"isPartOf\":{\"@id\":\"https:\\\/\\\/e-sensia.com\\\/#website\"},\"primaryImageOfPage\":{\"@id\":\"https:\\\/\\\/e-sensia.com\\\/2026\\\/02\\\/16\\\/fr-e-sensia-pionniers-ia-france-2030\\\/#primaryimage\"},\"image\":{\"@id\":\"https:\\\/\\\/e-sensia.com\\\/2026\\\/02\\\/16\\\/fr-e-sensia-pionniers-ia-france-2030\\\/#primaryimage\"},\"thumbnailUrl\":\"https:\\\/\\\/e-sensia.com\\\/wp-content\\\/uploads\\\/2026\\\/02\\\/News-e-sensia-2.jpg\",\"datePublished\":\"2026-02-16T15:22:35+00:00\",\"dateModified\":\"2026-02-16T15:43:05+00:00\",\"description\":\"e-sensia selected by Bpifrance for the France 2030 AI Pioneers program to develop sovereign voice AI for emergency medical regulation.\",\"breadcrumb\":{\"@id\":\"https:\\\/\\\/e-sensia.com\\\/2026\\\/02\\\/16\\\/fr-e-sensia-pionniers-ia-france-2030\\\/#breadcrumb\"},\"inLanguage\":\"fr-FR\",\"potentialAction\":[{\"@type\":\"ReadAction\",\"target\":[\"https:\\\/\\\/e-sensia.com\\\/2026\\\/02\\\/16\\\/fr-e-sensia-pionniers-ia-france-2030\\\/\"]}]},{\"@type\":\"ImageObject\",\"inLanguage\":\"fr-FR\",\"@id\":\"https:\\\/\\\/e-sensia.com\\\/2026\\\/02\\\/16\\\/fr-e-sensia-pionniers-ia-france-2030\\\/#primaryimage\",\"url\":\"https:\\\/\\\/e-sensia.com\\\/wp-content\\\/uploads\\\/2026\\\/02\\\/News-e-sensia-2.jpg\",\"contentUrl\":\"https:\\\/\\\/e-sensia.com\\\/wp-content\\\/uploads\\\/2026\\\/02\\\/News-e-sensia-2.jpg\",\"width\":1920,\"height\":1080,\"caption\":\"e-sensia selected for the \u201cPioneers of Artificial Intelligence\u201d call for projects under the France 2030 plan\"},{\"@type\":\"BreadcrumbList\",\"@id\":\"https:\\\/\\\/e-sensia.com\\\/2026\\\/02\\\/16\\\/fr-e-sensia-pionniers-ia-france-2030\\\/#breadcrumb\",\"itemListElement\":[{\"@type\":\"ListItem\",\"position\":1,\"name\":\"Home\",\"item\":\"https:\\\/\\\/e-sensia.com\\\/\"},{\"@type\":\"ListItem\",\"position\":2,\"name\":\"e-sensia selected for the \u201cPioneers of Artificial Intelligence\u201d call for projects under the France 2030 plan\"}]},{\"@type\":\"WebSite\",\"@id\":\"https:\\\/\\\/e-sensia.com\\\/#website\",\"url\":\"https:\\\/\\\/e-sensia.com\\\/\",\"name\":\"e-sensia\",\"description\":\"Voice-based automated assistance, powered by AI\",\"publisher\":{\"@id\":\"https:\\\/\\\/e-sensia.com\\\/#organization\"},\"potentialAction\":[{\"@type\":\"SearchAction\",\"target\":{\"@type\":\"EntryPoint\",\"urlTemplate\":\"https:\\\/\\\/e-sensia.com\\\/?s={search_term_string}\"},\"query-input\":{\"@type\":\"PropertyValueSpecification\",\"valueRequired\":true,\"valueName\":\"search_term_string\"}}],\"inLanguage\":\"fr-FR\"},{\"@type\":\"Organization\",\"@id\":\"https:\\\/\\\/e-sensia.com\\\/#organization\",\"name\":\"e-sensia\",\"url\":\"https:\\\/\\\/e-sensia.com\\\/\",\"logo\":{\"@type\":\"ImageObject\",\"inLanguage\":\"fr-FR\",\"@id\":\"https:\\\/\\\/e-sensia.com\\\/#\\\/schema\\\/logo\\\/image\\\/\",\"url\":\"https:\\\/\\\/e-sensia.com\\\/wp-content\\\/uploads\\\/2025\\\/02\\\/logo-theme-clair.png\",\"contentUrl\":\"https:\\\/\\\/e-sensia.com\\\/wp-content\\\/uploads\\\/2025\\\/02\\\/logo-theme-clair.png\",\"width\":314,\"height\":115,\"caption\":\"e-sensia\"},\"image\":{\"@id\":\"https:\\\/\\\/e-sensia.com\\\/#\\\/schema\\\/logo\\\/image\\\/\"},\"sameAs\":[\"https:\\\/\\\/www.linkedin.com\\\/company\\\/e-sensia\\\/\"]},{\"@type\":\"Person\",\"@id\":\"https:\\\/\\\/e-sensia.com\\\/#\\\/schema\\\/person\\\/3a763bebd60f37326b4914efe8d29aff\",\"name\":\"dev\",\"image\":{\"@type\":\"ImageObject\",\"inLanguage\":\"fr-FR\",\"@id\":\"https:\\\/\\\/secure.gravatar.com\\\/avatar\\\/f1ffcac9ca2fa95ad3ec33e9be3ade82f752acb0cabe541e56c5889225afa88a?s=96&d=mm&r=g\",\"url\":\"https:\\\/\\\/secure.gravatar.com\\\/avatar\\\/f1ffcac9ca2fa95ad3ec33e9be3ade82f752acb0cabe541e56c5889225afa88a?s=96&d=mm&r=g\",\"contentUrl\":\"https:\\\/\\\/secure.gravatar.com\\\/avatar\\\/f1ffcac9ca2fa95ad3ec33e9be3ade82f752acb0cabe541e56c5889225afa88a?s=96&d=mm&r=g\",\"caption\":\"dev\"},\"sameAs\":[\"https:\\\/\\\/e-sensia.com\"],\"url\":\"https:\\\/\\\/e-sensia.com\\\/fr\\\/author\\\/dev\\\/\"}]}<\/script>\n<!-- \/ Yoast SEO plugin. -->","yoast_head_json":{"title":"e-sensia selected for the \u201cPioneers of Artificial Intelligence\u201d call for projects under the France 2030 plan - e-sensia","description":"e-sensia selected by Bpifrance for the France 2030 AI Pioneers program to develop sovereign voice AI for emergency medical regulation.","robots":{"index":"index","follow":"follow","max-snippet":"max-snippet:-1","max-image-preview":"max-image-preview:large","max-video-preview":"max-video-preview:-1"},"canonical":"https:\/\/e-sensia.com\/fr\/2026\/02\/16\/fr-e-sensia-pionniers-ia-france-2030\/","og_locale":"fr_FR","og_type":"article","og_title":"e-sensia selected for the \u201cPioneers of Artificial Intelligence\u201d call for projects under the France 2030 plan - e-sensia","og_description":"e-sensia selected by Bpifrance for the France 2030 AI Pioneers program to develop sovereign voice AI for emergency medical regulation.","og_url":"https:\/\/e-sensia.com\/fr\/2026\/02\/16\/fr-e-sensia-pionniers-ia-france-2030\/","og_site_name":"e-sensia","article_published_time":"2026-02-16T15:22:35+00:00","article_modified_time":"2026-02-16T15:43:05+00:00","og_image":[{"width":1920,"height":1080,"url":"https:\/\/e-sensia.com\/wp-content\/uploads\/2026\/02\/News-e-sensia-2.jpg","type":"image\/jpeg"}],"author":"dev","twitter_card":"summary_large_image","twitter_misc":{"\u00c9crit par":"dev","Dur\u00e9e de lecture estim\u00e9e":"3 minutes"},"schema":{"@context":"https:\/\/schema.org","@graph":[{"@type":"Article","@id":"https:\/\/e-sensia.com\/2026\/02\/16\/fr-e-sensia-pionniers-ia-france-2030\/#article","isPartOf":{"@id":"https:\/\/e-sensia.com\/2026\/02\/16\/fr-e-sensia-pionniers-ia-france-2030\/"},"author":{"name":"dev","@id":"https:\/\/e-sensia.com\/#\/schema\/person\/3a763bebd60f37326b4914efe8d29aff"},"headline":"e-sensia selected for the \u201cPioneers of Artificial Intelligence\u201d call for projects under the France 2030 plan","datePublished":"2026-02-16T15:22:35+00:00","dateModified":"2026-02-16T15:43:05+00:00","mainEntityOfPage":{"@id":"https:\/\/e-sensia.com\/2026\/02\/16\/fr-e-sensia-pionniers-ia-france-2030\/"},"wordCount":558,"publisher":{"@id":"https:\/\/e-sensia.com\/#organization"},"image":{"@id":"https:\/\/e-sensia.com\/2026\/02\/16\/fr-e-sensia-pionniers-ia-france-2030\/#primaryimage"},"thumbnailUrl":"https:\/\/e-sensia.com\/wp-content\/uploads\/2026\/02\/News-e-sensia-2.jpg","articleSection":["Press review"],"inLanguage":"fr-FR"},{"@type":"WebPage","@id":"https:\/\/e-sensia.com\/2026\/02\/16\/fr-e-sensia-pionniers-ia-france-2030\/","url":"https:\/\/e-sensia.com\/2026\/02\/16\/fr-e-sensia-pionniers-ia-france-2030\/","name":"e-sensia selected for the \u201cPioneers of Artificial Intelligence\u201d call for projects under the France 2030 plan - e-sensia","isPartOf":{"@id":"https:\/\/e-sensia.com\/#website"},"primaryImageOfPage":{"@id":"https:\/\/e-sensia.com\/2026\/02\/16\/fr-e-sensia-pionniers-ia-france-2030\/#primaryimage"},"image":{"@id":"https:\/\/e-sensia.com\/2026\/02\/16\/fr-e-sensia-pionniers-ia-france-2030\/#primaryimage"},"thumbnailUrl":"https:\/\/e-sensia.com\/wp-content\/uploads\/2026\/02\/News-e-sensia-2.jpg","datePublished":"2026-02-16T15:22:35+00:00","dateModified":"2026-02-16T15:43:05+00:00","description":"e-sensia selected by Bpifrance for the France 2030 AI Pioneers program to develop sovereign voice AI for emergency medical regulation.","breadcrumb":{"@id":"https:\/\/e-sensia.com\/2026\/02\/16\/fr-e-sensia-pionniers-ia-france-2030\/#breadcrumb"},"inLanguage":"fr-FR","potentialAction":[{"@type":"ReadAction","target":["https:\/\/e-sensia.com\/2026\/02\/16\/fr-e-sensia-pionniers-ia-france-2030\/"]}]},{"@type":"ImageObject","inLanguage":"fr-FR","@id":"https:\/\/e-sensia.com\/2026\/02\/16\/fr-e-sensia-pionniers-ia-france-2030\/#primaryimage","url":"https:\/\/e-sensia.com\/wp-content\/uploads\/2026\/02\/News-e-sensia-2.jpg","contentUrl":"https:\/\/e-sensia.com\/wp-content\/uploads\/2026\/02\/News-e-sensia-2.jpg","width":1920,"height":1080,"caption":"e-sensia selected for the \u201cPioneers of Artificial Intelligence\u201d call for projects under the France 2030 plan"},{"@type":"BreadcrumbList","@id":"https:\/\/e-sensia.com\/2026\/02\/16\/fr-e-sensia-pionniers-ia-france-2030\/#breadcrumb","itemListElement":[{"@type":"ListItem","position":1,"name":"Home","item":"https:\/\/e-sensia.com\/"},{"@type":"ListItem","position":2,"name":"e-sensia selected for the \u201cPioneers of Artificial Intelligence\u201d call for projects under the France 2030 plan"}]},{"@type":"WebSite","@id":"https:\/\/e-sensia.com\/#website","url":"https:\/\/e-sensia.com\/","name":"e-sensia","description":"Assistance automatis\u00e9e bas\u00e9e sur la voix, aliment\u00e9e par l'IA","publisher":{"@id":"https:\/\/e-sensia.com\/#organization"},"potentialAction":[{"@type":"SearchAction","target":{"@type":"EntryPoint","urlTemplate":"https:\/\/e-sensia.com\/?s={search_term_string}"},"query-input":{"@type":"PropertyValueSpecification","valueRequired":true,"valueName":"search_term_string"}}],"inLanguage":"fr-FR"},{"@type":"Organization","@id":"https:\/\/e-sensia.com\/#organization","name":"e-sensia","url":"https:\/\/e-sensia.com\/","logo":{"@type":"ImageObject","inLanguage":"fr-FR","@id":"https:\/\/e-sensia.com\/#\/schema\/logo\/image\/","url":"https:\/\/e-sensia.com\/wp-content\/uploads\/2025\/02\/logo-theme-clair.png","contentUrl":"https:\/\/e-sensia.com\/wp-content\/uploads\/2025\/02\/logo-theme-clair.png","width":314,"height":115,"caption":"e-sensia"},"image":{"@id":"https:\/\/e-sensia.com\/#\/schema\/logo\/image\/"},"sameAs":["https:\/\/www.linkedin.com\/company\/e-sensia\/"]},{"@type":"Person","@id":"https:\/\/e-sensia.com\/#\/schema\/person\/3a763bebd60f37326b4914efe8d29aff","name":"dev","image":{"@type":"ImageObject","inLanguage":"fr-FR","@id":"https:\/\/secure.gravatar.com\/avatar\/f1ffcac9ca2fa95ad3ec33e9be3ade82f752acb0cabe541e56c5889225afa88a?s=96&d=mm&r=g","url":"https:\/\/secure.gravatar.com\/avatar\/f1ffcac9ca2fa95ad3ec33e9be3ade82f752acb0cabe541e56c5889225afa88a?s=96&d=mm&r=g","contentUrl":"https:\/\/secure.gravatar.com\/avatar\/f1ffcac9ca2fa95ad3ec33e9be3ade82f752acb0cabe541e56c5889225afa88a?s=96&d=mm&r=g","caption":"dev"},"sameAs":["https:\/\/e-sensia.com"],"url":"https:\/\/e-sensia.com\/fr\/author\/dev\/"}]}},"_links":{"self":[{"href":"https:\/\/e-sensia.com\/fr\/wp-json\/wp\/v2\/posts\/2172","targetHints":{"allow":["GET"]}}],"collection":[{"href":"https:\/\/e-sensia.com\/fr\/wp-json\/wp\/v2\/posts"}],"about":[{"href":"https:\/\/e-sensia.com\/fr\/wp-json\/wp\/v2\/types\/post"}],"author":[{"embeddable":true,"href":"https:\/\/e-sensia.com\/fr\/wp-json\/wp\/v2\/users\/1"}],"replies":[{"embeddable":true,"href":"https:\/\/e-sensia.com\/fr\/wp-json\/wp\/v2\/comments?post=2172"}],"version-history":[{"count":14,"href":"https:\/\/e-sensia.com\/fr\/wp-json\/wp\/v2\/posts\/2172\/revisions"}],"predecessor-version":[{"id":2196,"href":"https:\/\/e-sensia.com\/fr\/wp-json\/wp\/v2\/posts\/2172\/revisions\/2196"}],"wp:featuredmedia":[{"embeddable":true,"href":"https:\/\/e-sensia.com\/fr\/wp-json\/wp\/v2\/media\/2173"}],"wp:attachment":[{"href":"https:\/\/e-sensia.com\/fr\/wp-json\/wp\/v2\/media?parent=2172"}],"wp:term":[{"taxonomy":"category","embeddable":true,"href":"https:\/\/e-sensia.com\/fr\/wp-json\/wp\/v2\/categories?post=2172"},{"taxonomy":"post_tag","embeddable":true,"href":"https:\/\/e-sensia.com\/fr\/wp-json\/wp\/v2\/tags?post=2172"}],"curies":[{"name":"wp","href":"https:\/\/api.w.org\/{rel}","templated":true}]}}